{"id":3989,"date":"2025-11-24T12:06:07","date_gmt":"2025-11-24T12:06:07","guid":{"rendered":"https:\/\/oberoi.ba-staging.com\/2025\/11\/24\/comment-lassurance-sintegre-a-la-realite-dun-professionnel-incorpore\/"},"modified":"2025-11-25T11:21:38","modified_gmt":"2025-11-25T11:21:38","slug":"comment-lassurance-sintegre-a-la-realite-dun-professionnel-incorpore","status":"publish","type":"post","link":"https:\/\/oberoi.ba-staging.com\/fr\/2025\/11\/24\/comment-lassurance-sintegre-a-la-realite-dun-professionnel-incorpore\/","title":{"rendered":"Comment l\u2019assurance s\u2019int\u00e8gre \u00e0 la r\u00e9alit\u00e9 d\u2019un professionnel incorpor\u00e9"},"content":{"rendered":"<p>En tant que professionnel incorpor\u00e9, l\u2019assurance devrait \u00eatre un \u00e9l\u00e9ment cl\u00e9 de votre planification financi\u00e8re. On pensesouvent \u00e0 l\u2019assurancecommeune fa\u00e7on de se prot\u00e9ger pendant nosann\u00e9es de travail ou de prendre soin de nosproches apr\u00e8s notred\u00e9c\u00e8s. Bien que celasoitvrai, l\u2019assurancepeutoffrir beaucoup plus. Elle peut prot\u00e9ger vos revenus, s\u00e9curiser votre pratique professionnelle et bonifier votre \u00e9pargne-retraite.<\/p>\n<p>Dans cet article, nous vousexpliquons comment une bonne planification d\u2019assurancepeuts\u2019int\u00e9grer \u00e0 votrestrat\u00e9gie financi\u00e8re globale.<\/p>\n<p><strong>Assurance vie d\u00e9tenue par la soci\u00e9t\u00e9 : votre \u00ab CELI corporatif sans limite \u00bb<\/strong><\/p>\n<p>Commen\u00e7ons par l\u2019assurance vie d\u00e9tenue par la soci\u00e9t\u00e9. Dans ce cas, c\u2019est votre soci\u00e9t\u00e9 qui est propri\u00e9taire et b\u00e9n\u00e9ficiaire d\u2019une police d\u2019assurance vie permanente, et vous, en tant que propri\u00e9taire de l\u2019entreprise (ou une autre personne cl\u00e9), \u00eates l\u2019assur\u00e9.<\/p>\n<p>M\u00eame si une soci\u00e9t\u00e9 ne peut pas d\u00e9tenir un compte d\u2019\u00e9pargne libre d\u2019imp\u00f4t (CELI), l\u2019assurance vie corporative peut offrir des avantages similaires. Voiciquelques-uns des avantagescl\u00e9s :<\/p>\n<ul>\n<li>L\u2019argent \u00e0 l\u2019int\u00e9rieur de la police cro\u00eet \u00e0 l\u2019abri de l\u2019imp\u00f4t.<\/li>\n<li>Le revenu de placement de certaines polices est exempt\u00e9 de la limite f\u00e9d\u00e9rale de 50 000 $ sur le revenu passif, ce qui peut pr\u00e9server l\u2019acc\u00e8s \u00e0 la d\u00e9duction accord\u00e9e aux petites entreprises.<\/li>\n<li>Vous pouvezacc\u00e9der \u00e0 la valeur de rachat par des retraitsimposables. Il estaussiparfois possible d\u2019obtenir des pr\u00eatsaupr\u00e8s de tiers (banquesoupr\u00eateurs) en utilisant la valeur de rachatcommegarantie, sans d\u00e9clencherd\u2019imp\u00f4t.<\/li>\n<li>Au d\u00e9c\u00e8s de l\u2019assur\u00e9 (vous ou une autre personne cl\u00e9), le capital-d\u00e9c\u00e8s est vers\u00e9 libre d\u2019imp\u00f4t dans le compte de dividende en capital (CDC) de la soci\u00e9t\u00e9, permettant ainsi de verser des dividendes non imposables aux actionnaires.<\/li>\n<\/ul>\n<p>L\u2019assurance vie d\u00e9tenue par la soci\u00e9t\u00e9 est donc un outil flexible qui permet de faire cro\u00eetre vos actifs \u00e0 l\u2019abri de l\u2019imp\u00f4t tout en procurant une protection financi\u00e8re suppl\u00e9mentaire.<\/p>\n<hr>\n<p><strong>Assurance invalidit\u00e9 et maladies graves :prot\u00e9gervosrevenus<\/strong><br \/>\nPour les professionnelsincorpor\u00e9s et autonomes, vosrevenusd\u00e9pendentdirectement de votrecapacit\u00e9 \u00e0 travailler. En cas de maladieoud\u2019accident, l\u2019assuranceinvalidit\u00e9vousprot\u00e8ge, vous et votrefamille, en rempla\u00e7antvotrerevenu pendant unep\u00e9riodeo\u00f9vous ne pouvez pas exercervotre profession. En g\u00e9n\u00e9ral, cette couverture devrait\u00eatred\u00e9tenuepersonnellement, et non par la soci\u00e9t\u00e9, car elle fait partieint\u00e9grante de votre gestion des risques personnels.<\/p>\n<p>De son c\u00f4t\u00e9, l\u2019assurance maladies graves d\u00e9tenue par la soci\u00e9t\u00e9 verse un montantforfaitaire non imposable sivousrecevezun diagnosticcouvert par la police (cancer, crise cardiaque, AVC, etc.). Ce montantpeutvous aider \u00e0 couvrirvos frais m\u00e9dicaux et maintenirvotrestabilit\u00e9 financi\u00e8re pendant votre convalescence. Avec des options comme le remboursement des primes, cette assurance devient un incontournable.<\/p>\n<p>Ces protections vousoffrent, \u00e0 vous et \u00e0 vosproches, un filet de s\u00e9curit\u00e9 pour les impr\u00e9vus.<\/p>\n<p><img decoding=\"async\" src=\"https:\/\/oberoi.ba-staging.com\/wp-content\/uploads\/2025\/11\/hune1.jpg\" \/><\/p>\n<p><strong>Assurance personne-cl\u00e9 : prot\u00e9ger la valeur de votre pratique<\/strong><\/p>\n<p>Votre pratique repose souvent sur votre expertise personnelle. Que vous dirigiez une clinique m\u00e9dicale, un cabinet juridique ou dentaire, votre entreprise d\u00e9pend de vous. L\u2019assurance personne-cl\u00e9 permet \u00e0 la soci\u00e9t\u00e9 de souscrire une assurance vie ou une assurance maladies graves sur votre t\u00eate.<\/p>\n<p>En cas de maladieou de d\u00e9c\u00e8s, la prestation peutservir \u00e0 couvrir les frais d\u2019exploitation, rembourser les dettesd\u2019entrepriseou financer l\u2019embauche d\u2019un rempla\u00e7ant. C\u2019estessentiel pour assurer la continuit\u00e9 des op\u00e9rations et prot\u00e9ger la valeur de votreentreprise.<\/p>\n<p>Pour plusieursprofessionnels, cette assurance s\u2019int\u00e8greaussi \u00e0 leur plan de rel\u00e8ved\u2019entreprise. Elle limite les perturbations financi\u00e8resimpr\u00e9vues et faciliteune\u00e9ventuelle vente ou transmission de la pratique.<\/p>\n<p><img decoding=\"async\" src=\"https:\/\/oberoi.ba-staging.com\/wp-content\/uploads\/2025\/11\/hune2.jpg\"><\/p>\n<p><strong>Assurance vie et retraite : bonifier votre patrimoine<\/strong><\/p>\n<p>Les polices d\u2019assurance vie permanente \u2013 comme l\u2019assurance vie enti\u00e8re ou l\u2019assurance vie universelle \u2013 offrent plus qu\u2019un simple capital-d\u00e9c\u00e8s. Elles accumulent une valeur de rachat qui cro\u00eet avec le temps et qui peut devenir un actif pr\u00e9cieux pour la retraite.<\/p>\n<p>Ce type de croissance est \u00e0 imposition diff\u00e9r\u00e9e. Vous ne payez pas d\u2019imp\u00f4t sur cette valeur tant que vous ne la retirez pas. Des strat\u00e9gies de pr\u00eats adoss\u00e9s \u00e0 la police peuvent m\u00eame permettre d\u2019acc\u00e9der aux fonds sans impact fiscal \u2013 un conseiller fiscal pourra vous guider \u00e0 ce sujet.<\/p>\n<p>Votre police peutainsicompl\u00e9terd\u2019autresstrat\u00e9giescomme les REER ou les r\u00e9gimes de retraite. Le capital-d\u00e9c\u00e8s permet aussi de planifier votre succession en versant un montant non imposable \u00e0 vos b\u00e9n\u00e9ficiaires. L\u2019assurance vie devientdonc un actiffiscalementavantageux et relativement stable pour la retraite.<\/p>\n<hr\/>\n<p><strong>En r\u00e9sum\u00e9 :L\u2019assurance, un outil financier puissant pour vous et votreentreprise<\/strong><br \/>\nInt\u00e9grerl\u2019assurance \u00e0 votre plan financier, c\u2019est :<\/p>\n<ul>\n<li>Prot\u00e9gervosrevenus<\/li>\n<li>S\u00e9curiser la p\u00e9rennit\u00e9 de votre pratique<\/li>\n<li>Bonifiervotrestrat\u00e9gie de retraite<\/li>\n<\/ul>\n<p>Vous voulez en savoir plus sur la fa\u00e7on dontl\u2019assurancepeuts\u2019int\u00e9grer \u00e0 votrer\u00e9alit\u00e9 de professionnelincorpor\u00e9? Contactez-nous! Nous sommesl\u00e0 pour simplifier le processus et vous aider \u00e0 prendre les meilleuresd\u00e9cisions pour votre avenir, votrefamille, et votreentreprise.<\/p>\n","protected":false},"excerpt":{"rendered":"<p>En tant que professionnel incorpor\u00e9, l\u2019assurance devrait \u00eatre un \u00e9l\u00e9ment cl\u00e9 de votre planification financi\u00e8re. On pensesouvent \u00e0 l\u2019assurancecommeune fa\u00e7on de se prot\u00e9ger pendant nosann\u00e9es de travail ou de prendre soin de nosproches apr\u00e8s notred\u00e9c\u00e8s. Bien que celasoitvrai, l\u2019assurancepeutoffrir beaucoup plus. Elle peut prot\u00e9ger vos revenus, s\u00e9curiser votre pratique professionnelle et bonifier votre \u00e9pargne-retraite. Dans [&hellip;]<\/p>\n","protected":false},"author":2,"featured_media":3879,"comment_status":"open","ping_status":"open","sticky":false,"template":"","format":"standard","meta":{"_et_pb_use_builder":"","_et_pb_old_content":"","_et_gb_content_width":"","footnotes":""},"categories":[8],"tags":[],"class_list":["post-3989","post","type-post","status-publish","format-standard","has-post-thumbnail","hentry","category-non-categorise"],"yoast_head":"<!-- This site is optimized with the Yoast SEO plugin v26.9 - https:\/\/yoast.com\/product\/yoast-seo-wordpress\/ -->\n<title>Comment l\u2019assurance s\u2019int\u00e8gre \u00e0 la r\u00e9alit\u00e9 d\u2019un professionnel incorpor\u00e9 - Oberoi Financial Group | Plan Your Future Today<\/title>\n<meta name=\"robots\" content=\"noindex, follow, max-snippet:-1, max-image-preview:large, max-video-preview:-1\" \/>\n<meta property=\"og:locale\" content=\"fr_FR\" \/>\n<meta property=\"og:type\" content=\"article\" \/>\n<meta property=\"og:title\" content=\"Comment l\u2019assurance s\u2019int\u00e8gre \u00e0 la r\u00e9alit\u00e9 d\u2019un professionnel incorpor\u00e9 - Oberoi Financial Group | Plan Your Future Today\" \/>\n<meta property=\"og:description\" content=\"En tant que professionnel incorpor\u00e9, l\u2019assurance devrait \u00eatre un \u00e9l\u00e9ment cl\u00e9 de votre planification financi\u00e8re. On pensesouvent \u00e0 l\u2019assurancecommeune fa\u00e7on de se prot\u00e9ger pendant nosann\u00e9es de travail ou de prendre soin de nosproches apr\u00e8s notred\u00e9c\u00e8s. Bien que celasoitvrai, l\u2019assurancepeutoffrir beaucoup plus. Elle peut prot\u00e9ger vos revenus, s\u00e9curiser votre pratique professionnelle et bonifier votre \u00e9pargne-retraite. Dans [&hellip;]\" \/>\n<meta property=\"og:url\" content=\"https:\/\/oberoi.ba-staging.com\/2025\/11\/24\/how-insurance-fits-into-being-an-incorporated-professional\/\" \/>\n<meta property=\"og:site_name\" content=\"Oberoi Financial Group | Plan Your Future Today\" \/>\n<meta property=\"article:publisher\" content=\"https:\/\/www.facebook.com\/profile.php?id=100054358579062\" \/>\n<meta property=\"article:published_time\" content=\"2025-11-24T12:06:07+00:00\" \/>\n<meta property=\"article:modified_time\" content=\"2025-11-25T11:21:38+00:00\" \/>\n<meta property=\"og:image\" content=\"https:\/\/oberoi.ba-staging.com\/wp-content\/uploads\/2025\/11\/f0f146b7-3a0c-4c6e-a697-0a79169e4ced.jpg\" \/>\n\t<meta property=\"og:image:width\" content=\"1200\" \/>\n\t<meta property=\"og:image:height\" content=\"800\" \/>\n\t<meta property=\"og:image:type\" content=\"image\/jpeg\" \/>\n<meta name=\"author\" content=\"mandeephsp33@gmail.com\" \/>\n<meta name=\"twitter:card\" content=\"summary_large_image\" \/>\n<meta name=\"twitter:label1\" content=\"\u00c9crit par\" \/>\n\t<meta name=\"twitter:data1\" content=\"mandeephsp33@gmail.com\" \/>\n\t<meta name=\"twitter:label2\" content=\"Dur\u00e9e de lecture estim\u00e9e\" \/>\n\t<meta name=\"twitter:data2\" content=\"4 minutes\" \/>\n<script type=\"application\/ld+json\" class=\"yoast-schema-graph\">{\"@context\":\"https:\/\/schema.org\",\"@graph\":[{\"@type\":\"Article\",\"@id\":\"https:\/\/oberoi.ba-staging.com\/2025\/11\/24\/how-insurance-fits-into-being-an-incorporated-professional\/#article\",\"isPartOf\":{\"@id\":\"https:\/\/oberoi.ba-staging.com\/2025\/11\/24\/how-insurance-fits-into-being-an-incorporated-professional\/\"},\"author\":{\"name\":\"mandeephsp33@gmail.com\",\"@id\":\"https:\/\/oberoi.ba-staging.com\/#\/schema\/person\/dd631524fbda01a251831e95f8beeec1\"},\"headline\":\"Comment l\u2019assurance s\u2019int\u00e8gre \u00e0 la r\u00e9alit\u00e9 d\u2019un professionnel incorpor\u00e9\",\"datePublished\":\"2025-11-24T12:06:07+00:00\",\"dateModified\":\"2025-11-25T11:21:38+00:00\",\"mainEntityOfPage\":{\"@id\":\"https:\/\/oberoi.ba-staging.com\/2025\/11\/24\/how-insurance-fits-into-being-an-incorporated-professional\/\"},\"wordCount\":860,\"commentCount\":0,\"publisher\":{\"@id\":\"https:\/\/oberoi.ba-staging.com\/#organization\"},\"image\":{\"@id\":\"https:\/\/oberoi.ba-staging.com\/2025\/11\/24\/how-insurance-fits-into-being-an-incorporated-professional\/#primaryimage\"},\"thumbnailUrl\":\"https:\/\/oberoi.ba-staging.com\/wp-content\/uploads\/2025\/11\/f0f146b7-3a0c-4c6e-a697-0a79169e4ced.jpg\",\"articleSection\":[\"Non cat\u00e9goris\u00e9\"],\"inLanguage\":\"fr-FR\",\"potentialAction\":[{\"@type\":\"CommentAction\",\"name\":\"Comment\",\"target\":[\"https:\/\/oberoi.ba-staging.com\/2025\/11\/24\/how-insurance-fits-into-being-an-incorporated-professional\/#respond\"]}]},{\"@type\":\"WebPage\",\"@id\":\"https:\/\/oberoi.ba-staging.com\/2025\/11\/24\/how-insurance-fits-into-being-an-incorporated-professional\/\",\"url\":\"https:\/\/oberoi.ba-staging.com\/2025\/11\/24\/how-insurance-fits-into-being-an-incorporated-professional\/\",\"name\":\"Comment l\u2019assurance s\u2019int\u00e8gre \u00e0 la r\u00e9alit\u00e9 d\u2019un professionnel incorpor\u00e9 - Oberoi Financial Group | Plan Your Future Today\",\"isPartOf\":{\"@id\":\"https:\/\/oberoi.ba-staging.com\/#website\"},\"primaryImageOfPage\":{\"@id\":\"https:\/\/oberoi.ba-staging.com\/2025\/11\/24\/how-insurance-fits-into-being-an-incorporated-professional\/#primaryimage\"},\"image\":{\"@id\":\"https:\/\/oberoi.ba-staging.com\/2025\/11\/24\/how-insurance-fits-into-being-an-incorporated-professional\/#primaryimage\"},\"thumbnailUrl\":\"https:\/\/oberoi.ba-staging.com\/wp-content\/uploads\/2025\/11\/f0f146b7-3a0c-4c6e-a697-0a79169e4ced.jpg\",\"datePublished\":\"2025-11-24T12:06:07+00:00\",\"dateModified\":\"2025-11-25T11:21:38+00:00\",\"breadcrumb\":{\"@id\":\"https:\/\/oberoi.ba-staging.com\/2025\/11\/24\/how-insurance-fits-into-being-an-incorporated-professional\/#breadcrumb\"},\"inLanguage\":\"fr-FR\",\"potentialAction\":[{\"@type\":\"ReadAction\",\"target\":[\"https:\/\/oberoi.ba-staging.com\/2025\/11\/24\/how-insurance-fits-into-being-an-incorporated-professional\/\"]}]},{\"@type\":\"ImageObject\",\"inLanguage\":\"fr-FR\",\"@id\":\"https:\/\/oberoi.ba-staging.com\/2025\/11\/24\/how-insurance-fits-into-being-an-incorporated-professional\/#primaryimage\",\"url\":\"https:\/\/oberoi.ba-staging.com\/wp-content\/uploads\/2025\/11\/f0f146b7-3a0c-4c6e-a697-0a79169e4ced.jpg\",\"contentUrl\":\"https:\/\/oberoi.ba-staging.com\/wp-content\/uploads\/2025\/11\/f0f146b7-3a0c-4c6e-a697-0a79169e4ced.jpg\",\"width\":1200,\"height\":800},{\"@type\":\"BreadcrumbList\",\"@id\":\"https:\/\/oberoi.ba-staging.com\/2025\/11\/24\/how-insurance-fits-into-being-an-incorporated-professional\/#breadcrumb\",\"itemListElement\":[{\"@type\":\"ListItem\",\"position\":1,\"name\":\"Home\",\"item\":\"https:\/\/oberoi.ba-staging.com\/fr\/\"},{\"@type\":\"ListItem\",\"position\":2,\"name\":\"Comment l\u2019assurance s\u2019int\u00e8gre \u00e0 la r\u00e9alit\u00e9 d\u2019un professionnel incorpor\u00e9\"}]},{\"@type\":\"WebSite\",\"@id\":\"https:\/\/oberoi.ba-staging.com\/#website\",\"url\":\"https:\/\/oberoi.ba-staging.com\/\",\"name\":\"Oberoi Financial Group | Plan Your Future Today\",\"description\":\"\",\"publisher\":{\"@id\":\"https:\/\/oberoi.ba-staging.com\/#organization\"},\"potentialAction\":[{\"@type\":\"SearchAction\",\"target\":{\"@type\":\"EntryPoint\",\"urlTemplate\":\"https:\/\/oberoi.ba-staging.com\/?s={search_term_string}\"},\"query-input\":{\"@type\":\"PropertyValueSpecification\",\"valueRequired\":true,\"valueName\":\"search_term_string\"}}],\"inLanguage\":\"fr-FR\"},{\"@type\":\"Organization\",\"@id\":\"https:\/\/oberoi.ba-staging.com\/#organization\",\"name\":\"Oberoi Financial Group | Plan Your Future Today\",\"url\":\"https:\/\/oberoi.ba-staging.com\/\",\"logo\":{\"@type\":\"ImageObject\",\"inLanguage\":\"fr-FR\",\"@id\":\"https:\/\/oberoi.ba-staging.com\/#\/schema\/logo\/image\/\",\"url\":\"https:\/\/oberoi.ba-staging.com\/wp-content\/uploads\/2025\/10\/logo.png\",\"contentUrl\":\"https:\/\/oberoi.ba-staging.com\/wp-content\/uploads\/2025\/10\/logo.png\",\"width\":200,\"height\":79,\"caption\":\"Oberoi Financial Group | Plan Your Future Today\"},\"image\":{\"@id\":\"https:\/\/oberoi.ba-staging.com\/#\/schema\/logo\/image\/\"},\"sameAs\":[\"https:\/\/www.facebook.com\/profile.php?id=100054358579062\",\"https:\/\/www.linkedin.com\/company\/90400828\/admin\/page-posts\/published\/\"]},{\"@type\":\"Person\",\"@id\":\"https:\/\/oberoi.ba-staging.com\/#\/schema\/person\/dd631524fbda01a251831e95f8beeec1\",\"name\":\"mandeephsp33@gmail.com\",\"image\":{\"@type\":\"ImageObject\",\"inLanguage\":\"fr-FR\",\"@id\":\"https:\/\/oberoi.ba-staging.com\/#\/schema\/person\/image\/\",\"url\":\"https:\/\/secure.gravatar.com\/avatar\/13db7fa7f135145a9845b2f0100c164f74c5270bc3be2750462c7931df2ebb0e?s=96&d=mm&r=g\",\"contentUrl\":\"https:\/\/secure.gravatar.com\/avatar\/13db7fa7f135145a9845b2f0100c164f74c5270bc3be2750462c7931df2ebb0e?s=96&d=mm&r=g\",\"caption\":\"mandeephsp33@gmail.com\"},\"url\":\"https:\/\/oberoi.ba-staging.com\/fr\/author\/mandeephsp33gmail-com\/\"}]}<\/script>\n<!-- \/ Yoast SEO plugin. -->","yoast_head_json":{"title":"Comment l\u2019assurance s\u2019int\u00e8gre \u00e0 la r\u00e9alit\u00e9 d\u2019un professionnel incorpor\u00e9 - Oberoi Financial Group | Plan Your Future Today","robots":{"index":"noindex","follow":"follow","max-snippet":"max-snippet:-1","max-image-preview":"max-image-preview:large","max-video-preview":"max-video-preview:-1"},"og_locale":"fr_FR","og_type":"article","og_title":"Comment l\u2019assurance s\u2019int\u00e8gre \u00e0 la r\u00e9alit\u00e9 d\u2019un professionnel incorpor\u00e9 - Oberoi Financial Group | Plan Your Future Today","og_description":"En tant que professionnel incorpor\u00e9, l\u2019assurance devrait \u00eatre un \u00e9l\u00e9ment cl\u00e9 de votre planification financi\u00e8re. On pensesouvent \u00e0 l\u2019assurancecommeune fa\u00e7on de se prot\u00e9ger pendant nosann\u00e9es de travail ou de prendre soin de nosproches apr\u00e8s notred\u00e9c\u00e8s. Bien que celasoitvrai, l\u2019assurancepeutoffrir beaucoup plus. Elle peut prot\u00e9ger vos revenus, s\u00e9curiser votre pratique professionnelle et bonifier votre \u00e9pargne-retraite. Dans [&hellip;]","og_url":"https:\/\/oberoi.ba-staging.com\/2025\/11\/24\/how-insurance-fits-into-being-an-incorporated-professional\/","og_site_name":"Oberoi Financial Group | Plan Your Future Today","article_publisher":"https:\/\/www.facebook.com\/profile.php?id=100054358579062","article_published_time":"2025-11-24T12:06:07+00:00","article_modified_time":"2025-11-25T11:21:38+00:00","og_image":[{"width":1200,"height":800,"url":"https:\/\/oberoi.ba-staging.com\/wp-content\/uploads\/2025\/11\/f0f146b7-3a0c-4c6e-a697-0a79169e4ced.jpg","type":"image\/jpeg"}],"author":"mandeephsp33@gmail.com","twitter_card":"summary_large_image","twitter_misc":{"\u00c9crit par":"mandeephsp33@gmail.com","Dur\u00e9e de lecture estim\u00e9e":"4 minutes"},"schema":{"@context":"https:\/\/schema.org","@graph":[{"@type":"Article","@id":"https:\/\/oberoi.ba-staging.com\/2025\/11\/24\/how-insurance-fits-into-being-an-incorporated-professional\/#article","isPartOf":{"@id":"https:\/\/oberoi.ba-staging.com\/2025\/11\/24\/how-insurance-fits-into-being-an-incorporated-professional\/"},"author":{"name":"mandeephsp33@gmail.com","@id":"https:\/\/oberoi.ba-staging.com\/#\/schema\/person\/dd631524fbda01a251831e95f8beeec1"},"headline":"Comment l\u2019assurance s\u2019int\u00e8gre \u00e0 la r\u00e9alit\u00e9 d\u2019un professionnel incorpor\u00e9","datePublished":"2025-11-24T12:06:07+00:00","dateModified":"2025-11-25T11:21:38+00:00","mainEntityOfPage":{"@id":"https:\/\/oberoi.ba-staging.com\/2025\/11\/24\/how-insurance-fits-into-being-an-incorporated-professional\/"},"wordCount":860,"commentCount":0,"publisher":{"@id":"https:\/\/oberoi.ba-staging.com\/#organization"},"image":{"@id":"https:\/\/oberoi.ba-staging.com\/2025\/11\/24\/how-insurance-fits-into-being-an-incorporated-professional\/#primaryimage"},"thumbnailUrl":"https:\/\/oberoi.ba-staging.com\/wp-content\/uploads\/2025\/11\/f0f146b7-3a0c-4c6e-a697-0a79169e4ced.jpg","articleSection":["Non cat\u00e9goris\u00e9"],"inLanguage":"fr-FR","potentialAction":[{"@type":"CommentAction","name":"Comment","target":["https:\/\/oberoi.ba-staging.com\/2025\/11\/24\/how-insurance-fits-into-being-an-incorporated-professional\/#respond"]}]},{"@type":"WebPage","@id":"https:\/\/oberoi.ba-staging.com\/2025\/11\/24\/how-insurance-fits-into-being-an-incorporated-professional\/","url":"https:\/\/oberoi.ba-staging.com\/2025\/11\/24\/how-insurance-fits-into-being-an-incorporated-professional\/","name":"Comment l\u2019assurance s\u2019int\u00e8gre \u00e0 la r\u00e9alit\u00e9 d\u2019un professionnel incorpor\u00e9 - Oberoi Financial Group | Plan Your Future Today","isPartOf":{"@id":"https:\/\/oberoi.ba-staging.com\/#website"},"primaryImageOfPage":{"@id":"https:\/\/oberoi.ba-staging.com\/2025\/11\/24\/how-insurance-fits-into-being-an-incorporated-professional\/#primaryimage"},"image":{"@id":"https:\/\/oberoi.ba-staging.com\/2025\/11\/24\/how-insurance-fits-into-being-an-incorporated-professional\/#primaryimage"},"thumbnailUrl":"https:\/\/oberoi.ba-staging.com\/wp-content\/uploads\/2025\/11\/f0f146b7-3a0c-4c6e-a697-0a79169e4ced.jpg","datePublished":"2025-11-24T12:06:07+00:00","dateModified":"2025-11-25T11:21:38+00:00","breadcrumb":{"@id":"https:\/\/oberoi.ba-staging.com\/2025\/11\/24\/how-insurance-fits-into-being-an-incorporated-professional\/#breadcrumb"},"inLanguage":"fr-FR","potentialAction":[{"@type":"ReadAction","target":["https:\/\/oberoi.ba-staging.com\/2025\/11\/24\/how-insurance-fits-into-being-an-incorporated-professional\/"]}]},{"@type":"ImageObject","inLanguage":"fr-FR","@id":"https:\/\/oberoi.ba-staging.com\/2025\/11\/24\/how-insurance-fits-into-being-an-incorporated-professional\/#primaryimage","url":"https:\/\/oberoi.ba-staging.com\/wp-content\/uploads\/2025\/11\/f0f146b7-3a0c-4c6e-a697-0a79169e4ced.jpg","contentUrl":"https:\/\/oberoi.ba-staging.com\/wp-content\/uploads\/2025\/11\/f0f146b7-3a0c-4c6e-a697-0a79169e4ced.jpg","width":1200,"height":800},{"@type":"BreadcrumbList","@id":"https:\/\/oberoi.ba-staging.com\/2025\/11\/24\/how-insurance-fits-into-being-an-incorporated-professional\/#breadcrumb","itemListElement":[{"@type":"ListItem","position":1,"name":"Home","item":"https:\/\/oberoi.ba-staging.com\/fr\/"},{"@type":"ListItem","position":2,"name":"Comment l\u2019assurance s\u2019int\u00e8gre \u00e0 la r\u00e9alit\u00e9 d\u2019un professionnel incorpor\u00e9"}]},{"@type":"WebSite","@id":"https:\/\/oberoi.ba-staging.com\/#website","url":"https:\/\/oberoi.ba-staging.com\/","name":"Oberoi Financial Group | Plan Your Future Today","description":"","publisher":{"@id":"https:\/\/oberoi.ba-staging.com\/#organization"},"potentialAction":[{"@type":"SearchAction","target":{"@type":"EntryPoint","urlTemplate":"https:\/\/oberoi.ba-staging.com\/?s={search_term_string}"},"query-input":{"@type":"PropertyValueSpecification","valueRequired":true,"valueName":"search_term_string"}}],"inLanguage":"fr-FR"},{"@type":"Organization","@id":"https:\/\/oberoi.ba-staging.com\/#organization","name":"Oberoi Financial Group | Plan Your Future Today","url":"https:\/\/oberoi.ba-staging.com\/","logo":{"@type":"ImageObject","inLanguage":"fr-FR","@id":"https:\/\/oberoi.ba-staging.com\/#\/schema\/logo\/image\/","url":"https:\/\/oberoi.ba-staging.com\/wp-content\/uploads\/2025\/10\/logo.png","contentUrl":"https:\/\/oberoi.ba-staging.com\/wp-content\/uploads\/2025\/10\/logo.png","width":200,"height":79,"caption":"Oberoi Financial Group | Plan Your Future Today"},"image":{"@id":"https:\/\/oberoi.ba-staging.com\/#\/schema\/logo\/image\/"},"sameAs":["https:\/\/www.facebook.com\/profile.php?id=100054358579062","https:\/\/www.linkedin.com\/company\/90400828\/admin\/page-posts\/published\/"]},{"@type":"Person","@id":"https:\/\/oberoi.ba-staging.com\/#\/schema\/person\/dd631524fbda01a251831e95f8beeec1","name":"mandeephsp33@gmail.com","image":{"@type":"ImageObject","inLanguage":"fr-FR","@id":"https:\/\/oberoi.ba-staging.com\/#\/schema\/person\/image\/","url":"https:\/\/secure.gravatar.com\/avatar\/13db7fa7f135145a9845b2f0100c164f74c5270bc3be2750462c7931df2ebb0e?s=96&d=mm&r=g","contentUrl":"https:\/\/secure.gravatar.com\/avatar\/13db7fa7f135145a9845b2f0100c164f74c5270bc3be2750462c7931df2ebb0e?s=96&d=mm&r=g","caption":"mandeephsp33@gmail.com"},"url":"https:\/\/oberoi.ba-staging.com\/fr\/author\/mandeephsp33gmail-com\/"}]}},"_links":{"self":[{"href":"https:\/\/oberoi.ba-staging.com\/fr\/wp-json\/wp\/v2\/posts\/3989","targetHints":{"allow":["GET"]}}],"collection":[{"href":"https:\/\/oberoi.ba-staging.com\/fr\/wp-json\/wp\/v2\/posts"}],"about":[{"href":"https:\/\/oberoi.ba-staging.com\/fr\/wp-json\/wp\/v2\/types\/post"}],"author":[{"embeddable":true,"href":"https:\/\/oberoi.ba-staging.com\/fr\/wp-json\/wp\/v2\/users\/2"}],"replies":[{"embeddable":true,"href":"https:\/\/oberoi.ba-staging.com\/fr\/wp-json\/wp\/v2\/comments?post=3989"}],"version-history":[{"count":1,"href":"https:\/\/oberoi.ba-staging.com\/fr\/wp-json\/wp\/v2\/posts\/3989\/revisions"}],"predecessor-version":[{"id":3997,"href":"https:\/\/oberoi.ba-staging.com\/fr\/wp-json\/wp\/v2\/posts\/3989\/revisions\/3997"}],"wp:featuredmedia":[{"embeddable":true,"href":"https:\/\/oberoi.ba-staging.com\/fr\/wp-json\/wp\/v2\/media\/3879"}],"wp:attachment":[{"href":"https:\/\/oberoi.ba-staging.com\/fr\/wp-json\/wp\/v2\/media?parent=3989"}],"wp:term":[{"taxonomy":"category","embeddable":true,"href":"https:\/\/oberoi.ba-staging.com\/fr\/wp-json\/wp\/v2\/categories?post=3989"},{"taxonomy":"post_tag","embeddable":true,"href":"https:\/\/oberoi.ba-staging.com\/fr\/wp-json\/wp\/v2\/tags?post=3989"}],"curies":[{"name":"wp","href":"https:\/\/api.w.org\/{rel}","templated":true}]}}